{"id":1,"date":"2018-10-11T21:33:24","date_gmt":"2018-10-11T19:33:24","guid":{"rendered":"http:\/\/larevanchedesharicots.com\/?p=1"},"modified":"2018-10-29T19:16:22","modified_gmt":"2018-10-29T18:16:22","slug":"ce_que_jaime_en_automne","status":"publish","type":"post","link":"https:\/\/larevanchedesharicots.com\/index.php\/2018\/10\/11\/ce_que_jaime_en_automne\/","title":{"rendered":"Ce que j&#8217;aime en Automne \ud83c\udf42\ud83c\udf41"},"content":{"rendered":"<p class=\"p1\"><strong>L\u2019automne<\/strong> <span class=\"s1\">\ud83c\udf42<\/span><\/p>\n<p class=\"p1\">J\u2019adorais quand \u00e9tant petite on me posait la question \u00ab C\u2019est quoi ta saison pr\u00e9f\u00e9r\u00e9e \u00e0 toi Leslie ? \u00bb je r\u00e9pondais \u00ab\u00a0l\u2019automne\u00a0\u00bb Pendant que beaucoup de mes copines pr\u00e9f\u00e9raient l\u2019\u00e9t\u00e9.<\/p>\n<p class=\"p1\">\u2665 <span id=\"p26\">J\u2019aime \u00eatre chez mes parents en Normandie\u00a0<span id=\"28\">lov\u00e9e<\/span>\u00a0dans le canap\u00e9 avec un lait aux \u00e9pices (recette<\/span>\u00a0<a href=\"http:\/\/larevanchedesharicots.com\/index.php\/2018\/10\/17\/lait-vegetal-aux-epices-dautomne\/\" target=\"_blank\" rel=\"noopener\">ici<\/a>) devant un bon feu de chemin\u00e9e et mon chat\u00a0 \u00e0\u00a0c\u00f4t\u00e9\u00a0de moi.<span id=\"p27\">\u00a0Parfois, on y fait m\u00eame griller des marrons, et franchement l&#8217;odeur des marrons cuits \u00e0 la chemin\u00e9e ca n&#8217;a pas de prix.<\/span><\/p>\n<p class=\"p1\">\u2665 Me remettre \u00e0 faire de la photo, les balades en for\u00eat m&#8217;incitent \u00e0 remettre mon appareil autour du cou pour y photographier les si jolies couleurs automnales.<\/p>\n<p class=\"p1\">\u2665 Prendre des bains, allumer des bougies \u00e0 odeur bois\u00e9e, manger des pommes au four saupoudr\u00e9es de cannelle.<\/p>\n<p>\u2665\u00a0<span id=\"p87\">Creuser une citrouille d&#8217;Halloween\u00a0<span id=\"p86\">(chose que je fais depuis toute petite)<\/span>\u00a0la mettre en d\u00e9coration pr\u00e8s de la chemin\u00e9e, mettre une bougie \u00e0 l&#8217;int\u00e9rieur et la regarder scintiller.<\/span><span id=\"p88\">\u00a0<\/span><\/p>\n<p>\u2665 Abuser des courges, butternuts, champignons, panais&#8230;<\/p>\n<p>\u2665\u00a0<span id=\"p102\">Ranger les tenues l\u00e9g\u00e8res d&#8217;\u00e9t\u00e9 et ressortir petit \u00e0 petit du placard, les collants, les bonnets, les \u00e9charpes&#8230;<\/span><span id=\"p100\">\u00a0<\/span><\/p>\n<p class=\"p1\">\u2665\u00a0<span id=\"p110\">\u00c0 Paris, j\u2019adore les journ\u00e9es fra\u00eeches ensoleill\u00e9es, assise\u00a0<span id=\"p102\">\u00e0<\/span> la terrasse d\u2019un caf\u00e9 et regarder les gens passer.<\/span><span id=\"p111\">\u00a0<\/span><\/p>\n<p><em>N\u2019h\u00e9sitez pas \u00e0 partager toutes vos raisons d&#8217;aimer l&#8217;automne en commentaire.<\/em><\/p>\n<p><img loading=\"lazy\" decoding=\"async\" class=\"aligncenter wp-image-337 size-large\" src=\"http:\/\/larevanchedesharicots.com\/wp-content\/uploads\/2018\/10\/automne-1024x514.jpg\" alt=\"\" width=\"1024\" height=\"514\" srcset=\"https:\/\/larevanchedesharicots.com\/wp-content\/uploads\/2018\/10\/automne-1024x514.jpg 1024w, https:\/\/larevanchedesharicots.com\/wp-content\/uploads\/2018\/10\/automne-300x151.jpg 300w, https:\/\/larevanchedesharicots.com\/wp-content\/uploads\/2018\/10\/automne-768x385.jpg 768w\" sizes=\"auto, (max-width: 1024px) 100vw, 1024px\" \/><\/p>\n","protected":false},"excerpt":{"rendered":"<p>L\u2019automne \ud83c\udf42 J\u2019adorais quand \u00e9tant petite on me posait la question \u00ab C\u2019est quoi ta saison pr\u00e9f\u00e9r\u00e9e \u00e0 toi Leslie ? \u00bb je r\u00e9pondais \u00ab\u00a0l\u2019automne\u00a0\u00bb Pendant que beaucoup de mes copines pr\u00e9f\u00e9raient l\u2019\u00e9t\u00e9. \u2665 J\u2019aime \u00eatre chez mes parents en Normandie\u00a0lov\u00e9e\u00a0dans le canap\u00e9 avec un lait aux \u00e9pices (recette\u00a0ici) devant un bon feu de chemin\u00e9e et mon chat\u00a0 \u00e0\u00a0c\u00f4t\u00e9\u00a0de moi.\u00a0Parfois, on y fait m\u00eame griller des marrons, et franchement l&#8217;odeur des marrons cuits \u00e0 la chemin\u00e9e ca n&#8217;a pas de prix. \u2665 Me remettre \u00e0 faire de la photo, les balades en for\u00eat m&#8217;incitent \u00e0 remettre mon appareil autour du cou pour y photographier les si jolies couleurs automnales. \u2665 Prendre des bains, allumer des bougies \u00e0 odeur bois\u00e9e, manger des pommes au four saupoudr\u00e9es de cannelle. \u2665\u00a0Creuser une citrouille d&#8217;Halloween\u00a0(chose que je fais depuis toute petite)\u00a0la mettre en d\u00e9coration pr\u00e8s de la chemin\u00e9e, mettre une bougie \u00e0 l&#8217;int\u00e9rieur et la regarder scintiller.\u00a0 \u2665 Abuser des courges, butternuts, champignons, panais&#8230; \u2665\u00a0Ranger les tenues l\u00e9g\u00e8res d&#8217;\u00e9t\u00e9 et ressortir petit \u00e0 petit du placard, les collants, les bonnets, les \u00e9charpes&#8230;\u00a0 \u2665\u00a0\u00c0 Paris, j\u2019adore les journ\u00e9es fra\u00eeches ensoleill\u00e9es, assise\u00a0\u00e0 la terrasse d\u2019un caf\u00e9 et regarder les gens passer.\u00a0 N\u2019h\u00e9sitez pas \u00e0 partager toutes [&hellip;]<\/p>\n","protected":false},"author":1,"featured_media":50,"comment_status":"open","ping_status":"open","sticky":false,"template":"","format":"standard","meta":{"wprm-recipe-roundup-name":"","wprm-recipe-roundup-description":"","footnotes":""},"categories":[3,14],"tags":[32,35,34,33,37,31,36],"class_list":["post-1","post","type-post","status-publish","format-standard","has-post-thumbnail","hentry","category-instants-de-vie","category-lifestyle","tag-automne","tag-bien-etre","tag-healthy","tag-hygge","tag-naturopathie","tag-normandie","tag-plaisirs"],"yoast_head":"<!-- This site is optimized with the Yoast SEO plugin v24.7 - https:\/\/yoast.com\/wordpress\/plugins\/seo\/ -->\n<title>Ce que j&#039;aime en Automne \ud83c\udf42\ud83c\udf41 - La revanche des haricots<\/title>\n<meta name=\"description\" content=\"Se balader dans la for\u00eat, faire griller des marrons \u00e0 la chemin\u00e9e, manger des pommes avec de la cannelle... tant de plaisirs \u00e0 partager durant l&#039;automne.\" \/>\n<meta name=\"robots\" content=\"index, follow, max-snippet:-1, max-image-preview:large, max-video-preview:-1\" \/>\n<link rel=\"canonical\" href=\"https:\/\/larevanchedesharicots.com\/index.php\/2018\/10\/11\/ce_que_jaime_en_automne\/\" \/>\n<meta property=\"og:locale\" content=\"fr_FR\" \/>\n<meta property=\"og:type\" content=\"article\" \/>\n<meta property=\"og:title\" content=\"Ce que j&#039;aime en Automne \ud83c\udf42\ud83c\udf41 - La revanche des haricots\" \/>\n<meta property=\"og:description\" content=\"Se balader dans la for\u00eat, faire griller des marrons \u00e0 la chemin\u00e9e, manger des pommes avec de la cannelle... tant de plaisirs \u00e0 partager durant l&#039;automne.\" \/>\n<meta property=\"og:url\" content=\"https:\/\/larevanchedesharicots.com\/index.php\/2018\/10\/11\/ce_que_jaime_en_automne\/\" \/>\n<meta property=\"og:site_name\" content=\"La revanche des haricots\" \/>\n<meta property=\"article:published_time\" content=\"2018-10-11T19:33:24+00:00\" \/>\n<meta property=\"article:modified_time\" content=\"2018-10-29T18:16:22+00:00\" \/>\n<meta property=\"og:image\" content=\"https:\/\/larevanchedesharicots.com\/wp-content\/uploads\/2018\/10\/aut16.jpg\" \/>\n\t<meta property=\"og:image:width\" content=\"4928\" \/>\n\t<meta property=\"og:image:height\" content=\"3264\" \/>\n\t<meta property=\"og:image:type\" content=\"image\/jpeg\" \/>\n<meta name=\"author\" content=\"Leslie\" \/>\n<meta name=\"twitter:card\" content=\"summary_large_image\" \/>\n<meta name=\"twitter:label1\" content=\"\u00c9crit par\" \/>\n\t<meta name=\"twitter:data1\" content=\"Leslie\" \/>\n\t<meta name=\"twitter:label2\" content=\"Dur\u00e9e de lecture estim\u00e9e\" \/>\n\t<meta name=\"twitter:data2\" content=\"1 minute\" \/>\n<script type=\"application\/ld+json\" class=\"yoast-schema-graph\">{\"@context\":\"https:\/\/schema.org\",\"@graph\":[{\"@type\":\"WebPage\",\"@id\":\"https:\/\/larevanchedesharicots.com\/index.php\/2018\/10\/11\/ce_que_jaime_en_automne\/\",\"url\":\"https:\/\/larevanchedesharicots.com\/index.php\/2018\/10\/11\/ce_que_jaime_en_automne\/\",\"name\":\"Ce que j'aime en Automne \ud83c\udf42\ud83c\udf41 - La revanche des haricots\",\"isPartOf\":{\"@id\":\"https:\/\/larevanchedesharicots.com\/#website\"},\"primaryImageOfPage\":{\"@id\":\"https:\/\/larevanchedesharicots.com\/index.php\/2018\/10\/11\/ce_que_jaime_en_automne\/#primaryimage\"},\"image\":{\"@id\":\"https:\/\/larevanchedesharicots.com\/index.php\/2018\/10\/11\/ce_que_jaime_en_automne\/#primaryimage\"},\"thumbnailUrl\":\"https:\/\/larevanchedesharicots.com\/wp-content\/uploads\/2018\/10\/aut16.jpg\",\"datePublished\":\"2018-10-11T19:33:24+00:00\",\"dateModified\":\"2018-10-29T18:16:22+00:00\",\"author\":{\"@id\":\"https:\/\/larevanchedesharicots.com\/#\/schema\/person\/2e05ca70b6743954b7082b0cb0de16cd\"},\"description\":\"Se balader dans la for\u00eat, faire griller des marrons \u00e0 la chemin\u00e9e, manger des pommes avec de la cannelle... tant de plaisirs \u00e0 partager durant l'automne.\",\"breadcrumb\":{\"@id\":\"https:\/\/larevanchedesharicots.com\/index.php\/2018\/10\/11\/ce_que_jaime_en_automne\/#breadcrumb\"},\"inLanguage\":\"fr-FR\",\"potentialAction\":[{\"@type\":\"ReadAction\",\"target\":[\"https:\/\/larevanchedesharicots.com\/index.php\/2018\/10\/11\/ce_que_jaime_en_automne\/\"]}]},{\"@type\":\"ImageObject\",\"inLanguage\":\"fr-FR\",\"@id\":\"https:\/\/larevanchedesharicots.com\/index.php\/2018\/10\/11\/ce_que_jaime_en_automne\/#primaryimage\",\"url\":\"https:\/\/larevanchedesharicots.com\/wp-content\/uploads\/2018\/10\/aut16.jpg\",\"contentUrl\":\"https:\/\/larevanchedesharicots.com\/wp-content\/uploads\/2018\/10\/aut16.jpg\",\"width\":4928,\"height\":3264},{\"@type\":\"BreadcrumbList\",\"@id\":\"https:\/\/larevanchedesharicots.com\/index.php\/2018\/10\/11\/ce_que_jaime_en_automne\/#breadcrumb\",\"itemListElement\":[{\"@type\":\"ListItem\",\"position\":1,\"name\":\"Accueil\",\"item\":\"https:\/\/larevanchedesharicots.com\/\"},{\"@type\":\"ListItem\",\"position\":2,\"name\":\"Lifestyle\",\"item\":\"https:\/\/larevanchedesharicots.com\/index.php\/category\/lifestyle\/\"},{\"@type\":\"ListItem\",\"position\":3,\"name\":\"Instants de vie\",\"item\":\"https:\/\/larevanchedesharicots.com\/index.php\/category\/lifestyle\/instants-de-vie\/\"},{\"@type\":\"ListItem\",\"position\":4,\"name\":\"Ce que j&rsquo;aime en Automne \ud83c\udf42\ud83c\udf41\"}]},{\"@type\":\"WebSite\",\"@id\":\"https:\/\/larevanchedesharicots.com\/#website\",\"url\":\"https:\/\/larevanchedesharicots.com\/\",\"name\":\"La revanche des haricots\",\"description\":\"Recettes saines, bien-\u00eatre, naturo et lifestyle\",\"potentialAction\":[{\"@type\":\"SearchAction\",\"target\":{\"@type\":\"EntryPoint\",\"urlTemplate\":\"https:\/\/larevanchedesharicots.com\/?s={search_term_string}\"},\"query-input\":{\"@type\":\"PropertyValueSpecification\",\"valueRequired\":true,\"valueName\":\"search_term_string\"}}],\"inLanguage\":\"fr-FR\"},{\"@type\":\"Person\",\"@id\":\"https:\/\/larevanchedesharicots.com\/#\/schema\/person\/2e05ca70b6743954b7082b0cb0de16cd\",\"name\":\"Leslie\",\"image\":{\"@type\":\"ImageObject\",\"inLanguage\":\"fr-FR\",\"@id\":\"https:\/\/larevanchedesharicots.com\/#\/schema\/person\/image\/\",\"url\":\"https:\/\/secure.gravatar.com\/avatar\/4f37e7a0e2ab03b6c67b74552d4d967e?s=96&d=mm&r=g\",\"contentUrl\":\"https:\/\/secure.gravatar.com\/avatar\/4f37e7a0e2ab03b6c67b74552d4d967e?s=96&d=mm&r=g\",\"caption\":\"Leslie\"},\"sameAs\":[\"http:\/\/www.larevanchedesharicots.com\"],\"url\":\"https:\/\/larevanchedesharicots.com\/index.php\/author\/admin4629\/\"}]}<\/script>\n<!-- \/ Yoast SEO plugin. -->","yoast_head_json":{"title":"Ce que j'aime en Automne \ud83c\udf42\ud83c\udf41 - La revanche des haricots","description":"Se balader dans la for\u00eat, faire griller des marrons \u00e0 la chemin\u00e9e, manger des pommes avec de la cannelle... tant de plaisirs \u00e0 partager durant l'automne.","robots":{"index":"index","follow":"follow","max-snippet":"max-snippet:-1","max-image-preview":"max-image-preview:large","max-video-preview":"max-video-preview:-1"},"canonical":"https:\/\/larevanchedesharicots.com\/index.php\/2018\/10\/11\/ce_que_jaime_en_automne\/","og_locale":"fr_FR","og_type":"article","og_title":"Ce que j'aime en Automne \ud83c\udf42\ud83c\udf41 - La revanche des haricots","og_description":"Se balader dans la for\u00eat, faire griller des marrons \u00e0 la chemin\u00e9e, manger des pommes avec de la cannelle... tant de plaisirs \u00e0 partager durant l'automne.","og_url":"https:\/\/larevanchedesharicots.com\/index.php\/2018\/10\/11\/ce_que_jaime_en_automne\/","og_site_name":"La revanche des haricots","article_published_time":"2018-10-11T19:33:24+00:00","article_modified_time":"2018-10-29T18:16:22+00:00","og_image":[{"width":4928,"height":3264,"url":"https:\/\/larevanchedesharicots.com\/wp-content\/uploads\/2018\/10\/aut16.jpg","type":"image\/jpeg"}],"author":"Leslie","twitter_card":"summary_large_image","twitter_misc":{"\u00c9crit par":"Leslie","Dur\u00e9e de lecture estim\u00e9e":"1 minute"},"schema":{"@context":"https:\/\/schema.org","@graph":[{"@type":"WebPage","@id":"https:\/\/larevanchedesharicots.com\/index.php\/2018\/10\/11\/ce_que_jaime_en_automne\/","url":"https:\/\/larevanchedesharicots.com\/index.php\/2018\/10\/11\/ce_que_jaime_en_automne\/","name":"Ce que j'aime en Automne \ud83c\udf42\ud83c\udf41 - La revanche des haricots","isPartOf":{"@id":"https:\/\/larevanchedesharicots.com\/#website"},"primaryImageOfPage":{"@id":"https:\/\/larevanchedesharicots.com\/index.php\/2018\/10\/11\/ce_que_jaime_en_automne\/#primaryimage"},"image":{"@id":"https:\/\/larevanchedesharicots.com\/index.php\/2018\/10\/11\/ce_que_jaime_en_automne\/#primaryimage"},"thumbnailUrl":"https:\/\/larevanchedesharicots.com\/wp-content\/uploads\/2018\/10\/aut16.jpg","datePublished":"2018-10-11T19:33:24+00:00","dateModified":"2018-10-29T18:16:22+00:00","author":{"@id":"https:\/\/larevanchedesharicots.com\/#\/schema\/person\/2e05ca70b6743954b7082b0cb0de16cd"},"description":"Se balader dans la for\u00eat, faire griller des marrons \u00e0 la chemin\u00e9e, manger des pommes avec de la cannelle... tant de plaisirs \u00e0 partager durant l'automne.","breadcrumb":{"@id":"https:\/\/larevanchedesharicots.com\/index.php\/2018\/10\/11\/ce_que_jaime_en_automne\/#breadcrumb"},"inLanguage":"fr-FR","potentialAction":[{"@type":"ReadAction","target":["https:\/\/larevanchedesharicots.com\/index.php\/2018\/10\/11\/ce_que_jaime_en_automne\/"]}]},{"@type":"ImageObject","inLanguage":"fr-FR","@id":"https:\/\/larevanchedesharicots.com\/index.php\/2018\/10\/11\/ce_que_jaime_en_automne\/#primaryimage","url":"https:\/\/larevanchedesharicots.com\/wp-content\/uploads\/2018\/10\/aut16.jpg","contentUrl":"https:\/\/larevanchedesharicots.com\/wp-content\/uploads\/2018\/10\/aut16.jpg","width":4928,"height":3264},{"@type":"BreadcrumbList","@id":"https:\/\/larevanchedesharicots.com\/index.php\/2018\/10\/11\/ce_que_jaime_en_automne\/#breadcrumb","itemListElement":[{"@type":"ListItem","position":1,"name":"Accueil","item":"https:\/\/larevanchedesharicots.com\/"},{"@type":"ListItem","position":2,"name":"Lifestyle","item":"https:\/\/larevanchedesharicots.com\/index.php\/category\/lifestyle\/"},{"@type":"ListItem","position":3,"name":"Instants de vie","item":"https:\/\/larevanchedesharicots.com\/index.php\/category\/lifestyle\/instants-de-vie\/"},{"@type":"ListItem","position":4,"name":"Ce que j&rsquo;aime en Automne \ud83c\udf42\ud83c\udf41"}]},{"@type":"WebSite","@id":"https:\/\/larevanchedesharicots.com\/#website","url":"https:\/\/larevanchedesharicots.com\/","name":"La revanche des haricots","description":"Recettes saines, bien-\u00eatre, naturo et lifestyle","potentialAction":[{"@type":"SearchAction","target":{"@type":"EntryPoint","urlTemplate":"https:\/\/larevanchedesharicots.com\/?s={search_term_string}"},"query-input":{"@type":"PropertyValueSpecification","valueRequired":true,"valueName":"search_term_string"}}],"inLanguage":"fr-FR"},{"@type":"Person","@id":"https:\/\/larevanchedesharicots.com\/#\/schema\/person\/2e05ca70b6743954b7082b0cb0de16cd","name":"Leslie","image":{"@type":"ImageObject","inLanguage":"fr-FR","@id":"https:\/\/larevanchedesharicots.com\/#\/schema\/person\/image\/","url":"https:\/\/secure.gravatar.com\/avatar\/4f37e7a0e2ab03b6c67b74552d4d967e?s=96&d=mm&r=g","contentUrl":"https:\/\/secure.gravatar.com\/avatar\/4f37e7a0e2ab03b6c67b74552d4d967e?s=96&d=mm&r=g","caption":"Leslie"},"sameAs":["http:\/\/www.larevanchedesharicots.com"],"url":"https:\/\/larevanchedesharicots.com\/index.php\/author\/admin4629\/"}]}},"_links":{"self":[{"href":"https:\/\/larevanchedesharicots.com\/index.php\/wp-json\/wp\/v2\/posts\/1","targetHints":{"allow":["GET"]}}],"collection":[{"href":"https:\/\/larevanchedesharicots.com\/index.php\/wp-json\/wp\/v2\/posts"}],"about":[{"href":"https:\/\/larevanchedesharicots.com\/index.php\/wp-json\/wp\/v2\/types\/post"}],"author":[{"embeddable":true,"href":"https:\/\/larevanchedesharicots.com\/index.php\/wp-json\/wp\/v2\/users\/1"}],"replies":[{"embeddable":true,"href":"https:\/\/larevanchedesharicots.com\/index.php\/wp-json\/wp\/v2\/comments?post=1"}],"version-history":[{"count":19,"href":"https:\/\/larevanchedesharicots.com\/index.php\/wp-json\/wp\/v2\/posts\/1\/revisions"}],"predecessor-version":[{"id":53,"href":"https:\/\/larevanchedesharicots.com\/index.php\/wp-json\/wp\/v2\/posts\/1\/revisions\/53"}],"wp:featuredmedia":[{"embeddable":true,"href":"https:\/\/larevanchedesharicots.com\/index.php\/wp-json\/wp\/v2\/media\/50"}],"wp:attachment":[{"href":"https:\/\/larevanchedesharicots.com\/index.php\/wp-json\/wp\/v2\/media?parent=1"}],"wp:term":[{"taxonomy":"category","embeddable":true,"href":"https:\/\/larevanchedesharicots.com\/index.php\/wp-json\/wp\/v2\/categories?post=1"},{"taxonomy":"post_tag","embeddable":true,"href":"https:\/\/larevanchedesharicots.com\/index.php\/wp-json\/wp\/v2\/tags?post=1"}],"curies":[{"name":"wp","href":"https:\/\/api.w.org\/{rel}","templated":true}]}}